{"id":414,"date":"2015-07-06T18:37:14","date_gmt":"2015-07-06T16:37:14","guid":{"rendered":"https:\/\/serginhomoreira.com\/video-samba-do-trem-3\/"},"modified":"2015-07-06T18:37:14","modified_gmt":"2015-07-06T16:37:14","slug":"video-samba-do-trem-3","status":"publish","type":"post","link":"https:\/\/serginhomoreira.com\/es\/video-samba-do-trem-3\/","title":{"rendered":"Video Samba do Trem"},"content":{"rendered":"<p>EL tiempo pasa volando, y viviendo desde hace 15 a\u00f1os en Barcelona perd\u00ed el contacto con los m\u00fasicos brasile\u00f1os. Pero no he dejado nunca de estudiar y practicar \u201cnuestros ritmos\u201d, especialmente la samba, que forma parte de mi rutina de estudios. Puedo afirmar que el <em>tamborim <\/em>fue la inspiraci\u00f3n para componer y hacer el arreglo de ese tema. Tanto es as\u00ed que despu\u00e9s lo adapt\u00e9 al <em>set <\/em>para usarlo como <em>ride.<\/em><\/p>\n<p>La localizaci\u00f3n que escog\u00ed fue la emblem\u00e1tica tienda de instrumentos musicales de Rub\u00ed, Bonso. La idea de grabar la canci\u00f3n y hacer el rodaje mientras la gente iba pasando me parecia diferente, as\u00ed que mont\u00e9 mi <em>home studio <\/em>en el escaparate y la verdad es que fue muy divertido tocar detr\u00e1s del cristal de una tienda para ver y sentir la reacci\u00f3n de las personas. Un ejemplo es la se\u00f1ora espontanea que al final del video me desea \u201cmucha salud\u201d.<\/p>\n<p>La m\u00fasica requiere de colaboraci\u00f3n a parte de sintonizar las personas. Para ese proyecto tuve la fundamental ayuda del flautista\/saxofonista Joan Casas y del guitarrista Daniel Turr\u00f3. Para alcanzar el <em>groove <\/em>cuento con el gran bajista Adri Faura. El toque final lo puso Tomi P\u00e9rez con la mezcla. Y la parte visual, como siempre, est\u00e1 hecha por \u201cmi gran equipo\u201d: Popi Molist, Emilio S\u00e1nchez, Dani Jim\u00e9nez y Xavi Gallego. Sin vosotros nada de eso ser\u00eda posible.\u00a1\u00a1Gracias amigos!!<\/p>\n<p>&nbsp;<\/p>\n<p>Espero que os guste y os veo en la pr\u00f3xima entrega!<\/p>\n","protected":false},"excerpt":{"rendered":"<p>EL tiempo pasa volando, y viviendo desde hace 15 a\u00f1os en Barcelona perd\u00ed el contacto con los m\u00fasicos brasile\u00f1os. Pero no he dejado nunca de estudiar y practicar \u201cnuestros ritmos\u201d, especialmente la samba, que forma parte de mi rutina de estudios. Puedo afirmar que el&#8230;<\/p>\n","protected":false},"author":2,"featured_media":0,"comment_status":"open","ping_status":"open","sticky":false,"template":"","format":"standard","meta":{"footnotes":""},"categories":[19],"tags":[],"class_list":["post-414","post","type-post","status-publish","format-standard","hentry","category-blog-es"],"aioseo_notices":[],"_links":{"self":[{"href":"https:\/\/serginhomoreira.com\/es\/wp-json\/wp\/v2\/posts\/414","targetHints":{"allow":["GET"]}}],"collection":[{"href":"https:\/\/serginhomoreira.com\/es\/wp-json\/wp\/v2\/posts"}],"about":[{"href":"https:\/\/serginhomoreira.com\/es\/wp-json\/wp\/v2\/types\/post"}],"author":[{"embeddable":true,"href":"https:\/\/serginhomoreira.com\/es\/wp-json\/wp\/v2\/users\/2"}],"replies":[{"embeddable":true,"href":"https:\/\/serginhomoreira.com\/es\/wp-json\/wp\/v2\/comments?post=414"}],"version-history":[{"count":0,"href":"https:\/\/serginhomoreira.com\/es\/wp-json\/wp\/v2\/posts\/414\/revisions"}],"wp:attachment":[{"href":"https:\/\/serginhomoreira.com\/es\/wp-json\/wp\/v2\/media?parent=414"}],"wp:term":[{"taxonomy":"category","embeddable":true,"href":"https:\/\/serginhomoreira.com\/es\/wp-json\/wp\/v2\/categories?post=414"},{"taxonomy":"post_tag","embeddable":true,"href":"https:\/\/serginhomoreira.com\/es\/wp-json\/wp\/v2\/tags?post=414"}],"curies":[{"name":"wp","href":"https:\/\/api.w.org\/{rel}","templated":true}]}}